{"id":2772,"date":"2023-10-27T14:52:27","date_gmt":"2023-10-27T14:52:27","guid":{"rendered":"https:\/\/aebentodacruz.pt\/biblioteca\/?p=2772"},"modified":"2023-10-27T15:03:05","modified_gmt":"2023-10-27T15:03:05","slug":"comemoracao-do-dia-internacional-das-bibliotecas-escolares","status":"publish","type":"post","link":"https:\/\/www.aebentodacruz.pt\/biblioteca\/2023\/10\/27\/comemoracao-do-dia-internacional-das-bibliotecas-escolares\/","title":{"rendered":"Comemora\u00e7\u00e3o do Dia Internacional das Bibliotecas Escolares"},"content":{"rendered":"<p>No passado dia 24 de outubro realizaram-se no nosso Agrupamento, as atividades comemorativas do M\u00eas Internacional das Bibliotecas Escolares.<\/p>\n<p>Assim, durante a manh\u00e3, os alunos do 5\u00baano assistiram \u00e0 \u00abEst\u00f3ria Equin\u00f3cia\u00bb, ao cantastorie \u00abRif\u00e3o Quotidiano\u00bb e, finalmente, conheceram o jogo de tabuleiro \u00abEntrudo Desafiadeiro\u00bb, que retrata uma das manifesta\u00e7\u00f5es do entrudo em Montalegre.<\/p>\n<p>No per\u00edodo da tarde, os alunos e alunas do ensino secund\u00e1rio, ouviram a professora Bela C\u00e2ndida a ler uma \u00abHist\u00f3ria da Vermelhinha\u00bb, <em>&#8220;Se \u00e9 queijo tamb\u00e9m quero&#8221;<\/em>, da autoria do Dr. Bento da Cruz, Patrono do nosso Agrupamento.<\/p>\n<p>Agradecemos a todos quantos colaboraram e participaram nas atividades.<\/p>\n<p><iframe title=\"YouTube video player\" src=\"https:\/\/www.youtube.com\/embed\/ikICb1dmQuk?si=ZwxrleDG5BWhDaen\" width=\"560\" height=\"315\" frameborder=\"0\" allowfullscreen=\"allowfullscreen\"><\/iframe><\/p>\n","protected":false},"excerpt":{"rendered":"<p>No passado dia 24 de outubro realizaram-se no nosso Agrupamento, as atividades comemorativas do M\u00eas Internacional das Bibliotecas Escolares. Assim, durante a manh\u00e3, os alunos do 5\u00baano assistiram \u00e0 \u00abEst\u00f3ria&hellip;&nbsp;<a href=\"https:\/\/www.aebentodacruz.pt\/biblioteca\/2023\/10\/27\/comemoracao-do-dia-internacional-das-bibliotecas-escolares\/\" rel=\"bookmark\">Ler mais &raquo;<span class=\"screen-reader-text\">Comemora\u00e7\u00e3o do Dia Internacional das Bibliotecas Escolares<\/span><\/a><\/p>\n","protected":false},"author":2,"featured_media":2774,"comment_status":"open","ping_status":"open","sticky":false,"template":"","format":"standard","meta":{"neve_meta_sidebar":"","neve_meta_container":"","neve_meta_enable_content_width":"off","neve_meta_content_width":70,"neve_meta_title_alignment":"","neve_meta_author_avatar":"","neve_post_elements_order":"","neve_meta_disable_header":"","neve_meta_disable_footer":"","neve_meta_disable_title":"","footnotes":""},"categories":[7],"tags":[],"class_list":["post-2772","post","type-post","status-publish","format-standard","has-post-thumbnail","hentry","category-atividades-e-projetos"],"_links":{"self":[{"href":"https:\/\/www.aebentodacruz.pt\/biblioteca\/wp-json\/wp\/v2\/posts\/2772","targetHints":{"allow":["GET"]}}],"collection":[{"href":"https:\/\/www.aebentodacruz.pt\/biblioteca\/wp-json\/wp\/v2\/posts"}],"about":[{"href":"https:\/\/www.aebentodacruz.pt\/biblioteca\/wp-json\/wp\/v2\/types\/post"}],"author":[{"embeddable":true,"href":"https:\/\/www.aebentodacruz.pt\/biblioteca\/wp-json\/wp\/v2\/users\/2"}],"replies":[{"embeddable":true,"href":"https:\/\/www.aebentodacruz.pt\/biblioteca\/wp-json\/wp\/v2\/comments?post=2772"}],"version-history":[{"count":4,"href":"https:\/\/www.aebentodacruz.pt\/biblioteca\/wp-json\/wp\/v2\/posts\/2772\/revisions"}],"predecessor-version":[{"id":2778,"href":"https:\/\/www.aebentodacruz.pt\/biblioteca\/wp-json\/wp\/v2\/posts\/2772\/revisions\/2778"}],"wp:featuredmedia":[{"embeddable":true,"href":"https:\/\/www.aebentodacruz.pt\/biblioteca\/wp-json\/wp\/v2\/media\/2774"}],"wp:attachment":[{"href":"https:\/\/www.aebentodacruz.pt\/biblioteca\/wp-json\/wp\/v2\/media?parent=2772"}],"wp:term":[{"taxonomy":"category","embeddable":true,"href":"https:\/\/www.aebentodacruz.pt\/biblioteca\/wp-json\/wp\/v2\/categories?post=2772"},{"taxonomy":"post_tag","embeddable":true,"href":"https:\/\/www.aebentodacruz.pt\/biblioteca\/wp-json\/wp\/v2\/tags?post=2772"}],"curies":[{"name":"wp","href":"https:\/\/api.w.org\/{rel}","templated":true}]}}