{"id":2779,"date":"2023-11-09T23:46:55","date_gmt":"2023-11-09T23:46:55","guid":{"rendered":"https:\/\/aebentodacruz.pt\/biblioteca\/?p=2779"},"modified":"2023-11-09T23:49:53","modified_gmt":"2023-11-09T23:49:53","slug":"atividade-do-dia-internacional-da-biblioteca-escolar","status":"publish","type":"post","link":"https:\/\/www.aebentodacruz.pt\/biblioteca\/2023\/11\/09\/atividade-do-dia-internacional-da-biblioteca-escolar\/","title":{"rendered":"Atividade do Dia Internacional da Biblioteca Escolar"},"content":{"rendered":"\t\t<div data-elementor-type=\"wp-post\" data-elementor-id=\"2779\" class=\"elementor elementor-2779\">\n\t\t\t\t\t\t<section class=\"elementor-section elementor-top-section elementor-element elementor-element-b88d1ee elementor-section-boxed elementor-section-height-default elementor-section-height-default\" data-id=\"b88d1ee\" data-element_type=\"section\" data-e-type=\"section\">\n\t\t\t\t\t\t<div class=\"elementor-container elementor-column-gap-default\">\n\t\t\t\t\t<div class=\"elementor-column elementor-col-100 elementor-top-column elementor-element elementor-element-2b16c652\" data-id=\"2b16c652\" data-element_type=\"column\" data-e-type=\"column\">\n\t\t\t<div class=\"elementor-widget-wrap elementor-element-populated\">\n\t\t\t\t\t\t<div class=\"elementor-element elementor-element-271cae47 elementor-widget elementor-widget-text-editor\" data-id=\"271cae47\" data-element_type=\"widget\" data-e-type=\"widget\" data-widget_type=\"text-editor.default\">\n\t\t\t\t<div class=\"elementor-widget-container\">\n\t\t\t\t\t\t\t\t\t<p>No \u00e2mbito da celebra\u00e7\u00e3o do <em>Dia Internacional da Biblioteca Escolar,<\/em> que se realizou no dia 23 de outubro, no Centro Escolar de Montalegre, as professoras de Apoio \u00e0 Biblioteca realizaram atividades para todas as turmas do Centro Escolar.<\/p><p>Assim sendo, prepararam atividades durante essa semana, que consistiram em leitura orientada pelos alunos do 3\u00bae 4\u00ba anos, tendo como p\u00fablico alvo o pr\u00e9-escolar e as turmas de 1\u00ba e 2\u00ba anos. Al\u00e9m disso, foi escrita uma hist\u00f3ria pelas professoras e feita uma mala das hist\u00f3rias, para incentivar a vinda dos alunos \u00e0 Biblioteca.<\/p><p>Estas atividades tiveram bastante ader\u00eancia, tanto por parte dos alunos do pr\u00e9-escolar, como dos discentes de 1\u00ba ciclo.<\/p><h6 style=\"text-align: right;\">A Equipa da Biblioteca do Centro Escolar<\/h6><div><div>\u00a0<\/div><\/div>\t\t\t\t\t\t\t\t<\/div>\n\t\t\t\t<\/div>\n\t\t\t\t\t<\/div>\n\t\t<\/div>\n\t\t\t\t\t<\/div>\n\t\t<\/section>\n\t\t\t\t<section class=\"elementor-section elementor-top-section elementor-element elementor-element-9b940e1 elementor-section-boxed elementor-section-height-default elementor-section-height-default\" data-id=\"9b940e1\" data-element_type=\"section\" data-e-type=\"section\">\n\t\t\t\t\t\t<div class=\"elementor-container elementor-column-gap-default\">\n\t\t\t\t\t<div class=\"elementor-column elementor-col-100 elementor-top-column elementor-element elementor-element-3c6781c\" data-id=\"3c6781c\" data-element_type=\"column\" data-e-type=\"column\">\n\t\t\t<div class=\"elementor-widget-wrap elementor-element-populated\">\n\t\t\t\t\t\t<div class=\"elementor-element elementor-element-0e25e1d elementor-arrows-position-inside elementor-pagination-position-outside elementor-widget elementor-widget-image-carousel\" data-id=\"0e25e1d\" data-element_type=\"widget\" data-e-type=\"widget\" data-settings=\"{&quot;speed&quot;:900,&quot;navigation&quot;:&quot;both&quot;,&quot;autoplay&quot;:&quot;yes&quot;,&quot;pause_on_hover&quot;:&quot;yes&quot;,&quot;pause_on_interaction&quot;:&quot;yes&quot;,&quot;autoplay_speed&quot;:5000,&quot;infinite&quot;:&quot;yes&quot;}\" data-widget_type=\"image-carousel.default\">\n\t\t\t\t<div class=\"elementor-widget-container\">\n\t\t\t\t\t\t\t<div class=\"elementor-image-carousel-wrapper swiper\" role=\"region\" aria-roledescription=\"carousel\" aria-label=\"Carrossel de imagens\" dir=\"ltr\">\n\t\t\t<div class=\"elementor-image-carousel swiper-wrapper\" aria-live=\"off\">\n\t\t\t\t\t\t\t\t<div class=\"swiper-slide\" role=\"group\" aria-roledescription=\"slide\" aria-label=\"1 of 7\"><figure class=\"swiper-slide-inner\"><img decoding=\"async\" class=\"swiper-slide-image\" src=\"https:\/\/www.aebentodacruz.pt\/biblioteca\/wp-content\/uploads\/2023\/11\/1699438397811-scaled-e1699576925700-240x300.jpg\" alt=\"1699438397811\" \/><\/figure><\/div><div class=\"swiper-slide\" role=\"group\" aria-roledescription=\"slide\" aria-label=\"2 of 7\"><figure class=\"swiper-slide-inner\"><img decoding=\"async\" class=\"swiper-slide-image\" src=\"https:\/\/www.aebentodacruz.pt\/biblioteca\/wp-content\/uploads\/2023\/11\/1699438397819-224x300.jpg\" alt=\"1699438397819\" \/><\/figure><\/div><div class=\"swiper-slide\" role=\"group\" aria-roledescription=\"slide\" aria-label=\"3 of 7\"><figure class=\"swiper-slide-inner\"><img decoding=\"async\" class=\"swiper-slide-image\" src=\"https:\/\/www.aebentodacruz.pt\/biblioteca\/wp-content\/uploads\/2023\/11\/1699438397826-224x300.jpg\" alt=\"1699438397826\" \/><\/figure><\/div><div class=\"swiper-slide\" role=\"group\" aria-roledescription=\"slide\" aria-label=\"4 of 7\"><figure class=\"swiper-slide-inner\"><img decoding=\"async\" class=\"swiper-slide-image\" src=\"https:\/\/www.aebentodacruz.pt\/biblioteca\/wp-content\/uploads\/2023\/11\/1699438342298-224x300.jpg\" alt=\"1699438342298\" \/><\/figure><\/div><div class=\"swiper-slide\" role=\"group\" aria-roledescription=\"slide\" aria-label=\"5 of 7\"><figure class=\"swiper-slide-inner\"><img decoding=\"async\" class=\"swiper-slide-image\" src=\"https:\/\/www.aebentodacruz.pt\/biblioteca\/wp-content\/uploads\/2023\/11\/1699438342289-scaled-e1699576967363-300x202.jpg\" alt=\"1699438342289\" \/><\/figure><\/div><div class=\"swiper-slide\" role=\"group\" aria-roledescription=\"slide\" aria-label=\"6 of 7\"><figure class=\"swiper-slide-inner\"><img decoding=\"async\" class=\"swiper-slide-image\" src=\"https:\/\/www.aebentodacruz.pt\/biblioteca\/wp-content\/uploads\/2023\/11\/1699438342280-224x300.jpg\" alt=\"1699438342280\" \/><\/figure><\/div><div class=\"swiper-slide\" role=\"group\" aria-roledescription=\"slide\" aria-label=\"7 of 7\"><figure class=\"swiper-slide-inner\"><img decoding=\"async\" class=\"swiper-slide-image\" src=\"https:\/\/www.aebentodacruz.pt\/biblioteca\/wp-content\/uploads\/2023\/11\/1699438342292-scaled-e1699576841648-300x142.jpg\" alt=\"1699438342292\" \/><\/figure><\/div>\t\t\t<\/div>\n\t\t\t\t\t\t\t\t\t\t\t\t<div class=\"elementor-swiper-button elementor-swiper-button-prev\" role=\"button\" tabindex=\"0\">\n\t\t\t\t\t\t<i aria-hidden=\"true\" class=\"eicon-chevron-left\"><\/i>\t\t\t\t\t<\/div>\n\t\t\t\t\t<div class=\"elementor-swiper-button elementor-swiper-button-next\" role=\"button\" tabindex=\"0\">\n\t\t\t\t\t\t<i aria-hidden=\"true\" class=\"eicon-chevron-right\"><\/i>\t\t\t\t\t<\/div>\n\t\t\t\t\n\t\t\t\t\t\t\t\t\t<div class=\"swiper-pagination\"><\/div>\n\t\t\t\t\t\t\t\t\t<\/div>\n\t\t\t\t\t\t<\/div>\n\t\t\t\t<\/div>\n\t\t\t\t\t<\/div>\n\t\t<\/div>\n\t\t\t\t\t<\/div>\n\t\t<\/section>\n\t\t\t\t<\/div>\n\t\t","protected":false},"excerpt":{"rendered":"<p>No \u00e2mbito da celebra\u00e7\u00e3o do Dia Internacional da Biblioteca Escolar, que se realizou no dia 23 de outubro, no Centro Escolar de Montalegre, as professoras de Apoio \u00e0 Biblioteca realizaram&hellip;&nbsp;<a href=\"https:\/\/www.aebentodacruz.pt\/biblioteca\/2023\/11\/09\/atividade-do-dia-internacional-da-biblioteca-escolar\/\" rel=\"bookmark\">Ler mais &raquo;<span class=\"screen-reader-text\">Atividade do Dia Internacional da Biblioteca Escolar<\/span><\/a><\/p>\n","protected":false},"author":2,"featured_media":2781,"comment_status":"open","ping_status":"open","sticky":false,"template":"","format":"standard","meta":{"neve_meta_sidebar":"","neve_meta_container":"","neve_meta_enable_content_width":"off","neve_meta_content_width":70,"neve_meta_title_alignment":"","neve_meta_author_avatar":"","neve_post_elements_order":"","neve_meta_disable_header":"","neve_meta_disable_footer":"","neve_meta_disable_title":"","footnotes":""},"categories":[7],"tags":[],"class_list":["post-2779","post","type-post","status-publish","format-standard","has-post-thumbnail","hentry","category-atividades-e-projetos"],"_links":{"self":[{"href":"https:\/\/www.aebentodacruz.pt\/biblioteca\/wp-json\/wp\/v2\/posts\/2779","targetHints":{"allow":["GET"]}}],"collection":[{"href":"https:\/\/www.aebentodacruz.pt\/biblioteca\/wp-json\/wp\/v2\/posts"}],"about":[{"href":"https:\/\/www.aebentodacruz.pt\/biblioteca\/wp-json\/wp\/v2\/types\/post"}],"author":[{"embeddable":true,"href":"https:\/\/www.aebentodacruz.pt\/biblioteca\/wp-json\/wp\/v2\/users\/2"}],"replies":[{"embeddable":true,"href":"https:\/\/www.aebentodacruz.pt\/biblioteca\/wp-json\/wp\/v2\/comments?post=2779"}],"version-history":[{"count":7,"href":"https:\/\/www.aebentodacruz.pt\/biblioteca\/wp-json\/wp\/v2\/posts\/2779\/revisions"}],"predecessor-version":[{"id":2796,"href":"https:\/\/www.aebentodacruz.pt\/biblioteca\/wp-json\/wp\/v2\/posts\/2779\/revisions\/2796"}],"wp:featuredmedia":[{"embeddable":true,"href":"https:\/\/www.aebentodacruz.pt\/biblioteca\/wp-json\/wp\/v2\/media\/2781"}],"wp:attachment":[{"href":"https:\/\/www.aebentodacruz.pt\/biblioteca\/wp-json\/wp\/v2\/media?parent=2779"}],"wp:term":[{"taxonomy":"category","embeddable":true,"href":"https:\/\/www.aebentodacruz.pt\/biblioteca\/wp-json\/wp\/v2\/categories?post=2779"},{"taxonomy":"post_tag","embeddable":true,"href":"https:\/\/www.aebentodacruz.pt\/biblioteca\/wp-json\/wp\/v2\/tags?post=2779"}],"curies":[{"name":"wp","href":"https:\/\/api.w.org\/{rel}","templated":true}]}}