{"id":2816,"date":"2024-02-10T17:17:13","date_gmt":"2024-02-10T17:17:13","guid":{"rendered":"https:\/\/aebentodacruz.pt\/biblioteca\/?p=2816"},"modified":"2024-03-04T17:43:06","modified_gmt":"2024-03-04T17:43:06","slug":"carnaval-ou-entrudo","status":"publish","type":"post","link":"https:\/\/www.aebentodacruz.pt\/biblioteca\/2024\/02\/10\/carnaval-ou-entrudo\/","title":{"rendered":"Carnaval ou Entrudo?"},"content":{"rendered":"<p><span data-contrast=\"auto\">Na tarde do passado dia 9 de fevereiro, o Agrupamento de Escolas Dr. Bento da Cruz celebrou o <strong>Entrudo,<\/strong> este ano dedicado ao tema <em>&#8220;Patrim\u00f3nio da Regi\u00e3o do Barroso&#8221;.<\/em>\u00a0 <\/span><span data-contrast=\"auto\">Foi uma atividade que envolveu todas as escolas do Agrupamento e todos os n\u00edveis de ensino, realizando-se o desfile em dois locais distintos: o pavilh\u00e3o Multiusos e a Escola do Baixo Barroso. <\/span><\/p>\n<p><span data-contrast=\"auto\">Com esta atividade conseguimos dar voz aos jovens do nosso agrupamento e valorizar o nosso patrim\u00f3nio, envolvendo toda a comunidade.\u00a0<\/span><span data-contrast=\"auto\">O sucesso deste dia foi o resultado de um grande trabalho de equipa, que envolveu a participa\u00e7\u00e3o de v\u00e1rios intervenientes, nomeadamente, os membros da equipa do PAA\/ PNA, os diretores de turma e professores titulares de turma, os alunos, assistentes operacionais e encarregados de educa\u00e7\u00e3o. <\/span><\/p>\n<p><span data-contrast=\"auto\">Desta forma, agradecemos\u00a0 a toda a comunidade educativa, pela iniciativa e por todo o esfor\u00e7o, no sentido de ultrapassar todos os constrangimentos que foram surgindo.<br \/>\n<\/span><\/p>\n<p>&nbsp;<\/p>\n<p style=\"text-align: right;\"><span data-contrast=\"auto\"><strong><em>Autoria:<\/em><\/strong> In\u00eas Pic\u00e3o e Afonso Br\u00e1s<\/span><\/p>\n","protected":false},"excerpt":{"rendered":"<p>Na tarde do passado dia 9 de fevereiro, o Agrupamento de Escolas Dr. Bento da Cruz celebrou o Entrudo, este ano dedicado ao tema &#8220;Patrim\u00f3nio da Regi\u00e3o do Barroso&#8221;.\u00a0 Foi&hellip;&nbsp;<a href=\"https:\/\/www.aebentodacruz.pt\/biblioteca\/2024\/02\/10\/carnaval-ou-entrudo\/\" rel=\"bookmark\">Ler mais &raquo;<span class=\"screen-reader-text\">Carnaval ou Entrudo?<\/span><\/a><\/p>\n","protected":false},"author":2,"featured_media":2817,"comment_status":"open","ping_status":"open","sticky":false,"template":"","format":"standard","meta":{"neve_meta_sidebar":"","neve_meta_container":"","neve_meta_enable_content_width":"off","neve_meta_content_width":70,"neve_meta_title_alignment":"","neve_meta_author_avatar":"","neve_post_elements_order":"","neve_meta_disable_header":"","neve_meta_disable_footer":"","neve_meta_disable_title":"","footnotes":""},"categories":[7],"tags":[],"class_list":["post-2816","post","type-post","status-publish","format-standard","has-post-thumbnail","hentry","category-atividades-e-projetos"],"_links":{"self":[{"href":"https:\/\/www.aebentodacruz.pt\/biblioteca\/wp-json\/wp\/v2\/posts\/2816","targetHints":{"allow":["GET"]}}],"collection":[{"href":"https:\/\/www.aebentodacruz.pt\/biblioteca\/wp-json\/wp\/v2\/posts"}],"about":[{"href":"https:\/\/www.aebentodacruz.pt\/biblioteca\/wp-json\/wp\/v2\/types\/post"}],"author":[{"embeddable":true,"href":"https:\/\/www.aebentodacruz.pt\/biblioteca\/wp-json\/wp\/v2\/users\/2"}],"replies":[{"embeddable":true,"href":"https:\/\/www.aebentodacruz.pt\/biblioteca\/wp-json\/wp\/v2\/comments?post=2816"}],"version-history":[{"count":2,"href":"https:\/\/www.aebentodacruz.pt\/biblioteca\/wp-json\/wp\/v2\/posts\/2816\/revisions"}],"predecessor-version":[{"id":2820,"href":"https:\/\/www.aebentodacruz.pt\/biblioteca\/wp-json\/wp\/v2\/posts\/2816\/revisions\/2820"}],"wp:featuredmedia":[{"embeddable":true,"href":"https:\/\/www.aebentodacruz.pt\/biblioteca\/wp-json\/wp\/v2\/media\/2817"}],"wp:attachment":[{"href":"https:\/\/www.aebentodacruz.pt\/biblioteca\/wp-json\/wp\/v2\/media?parent=2816"}],"wp:term":[{"taxonomy":"category","embeddable":true,"href":"https:\/\/www.aebentodacruz.pt\/biblioteca\/wp-json\/wp\/v2\/categories?post=2816"},{"taxonomy":"post_tag","embeddable":true,"href":"https:\/\/www.aebentodacruz.pt\/biblioteca\/wp-json\/wp\/v2\/tags?post=2816"}],"curies":[{"name":"wp","href":"https:\/\/api.w.org\/{rel}","templated":true}]}}