{"id":2922,"date":"2024-04-17T14:22:55","date_gmt":"2024-04-17T14:22:55","guid":{"rendered":"https:\/\/aebentodacruz.pt\/biblioteca\/?p=2922"},"modified":"2024-05-01T14:41:31","modified_gmt":"2024-05-01T14:41:31","slug":"feira-de-orientacao-escolar","status":"publish","type":"post","link":"https:\/\/www.aebentodacruz.pt\/biblioteca\/2024\/04\/17\/feira-de-orientacao-escolar\/","title":{"rendered":"Feira de Orienta\u00e7\u00e3o Escolar"},"content":{"rendered":"<p>No \u00e2mbito da descoberta vocacional dos alunos, realizou-se ter\u00e7a-feira, dia 16 de Abril de 2024, uma \u00abFeira de Orienta\u00e7\u00e3o Escolar\u00bb na Escola B\/S do Baixo Barroso.<\/p>\n<p>Esta feira deu oportunidade a todos os alunos do ensino secund\u00e1rio do Agrupamento de Escolas Dr. Bento da Cruz de conhecer o leque de oportunidades referentes ao ensino superior, bem como, outros caminhos poss\u00edveis ap\u00f3s a conclus\u00e3o do ensino secund\u00e1rio e tamb\u00e9m \u00e0queles que se encontram no fim do ensino b\u00e1sico (9\u00baano) conhecer os cursos profissionais, bem como as suas vantagens e desvantagens.<\/p>\n<p>A feira contou com a presen\u00e7a de v\u00e1rios institutos, nomeadamente: <strong>Universidade do Minho, Universidade de Tr\u00e1s-Montes e Alto Douro, Instituto Polit<\/strong><strong>\u00e9<\/strong><strong>cnico de Bragan\u00e7a, Escola Superior de Sa\u00fade da Cruz Vermelha do Alto T\u00e2mega, Instituto Superior de servi\u00e7o social do Porto, Ex<\/strong><strong>\u00e9<\/strong><strong>rcito Portugu\u00eas, Guarda Nacional Republicana e os cursos profissionalizantes da Escola Bento da Cruz.<\/strong> Para al\u00e9m disso os alunos do secund\u00e1rio assistiram a palestras destes mesmos institutos, estiveram ainda presentes os membros pertencentes \u00e0 \u00abOrdem de Engenheiros da Regi\u00e3o Norte\u00bb os quais realizaram a atividade \u00abH\u00e1 engenharia em mim!\u00bb que permitiu o conhecimento de variadas engenharias, a import\u00e2ncia di\u00e1ria destas e a constru\u00e7\u00e3o pr\u00e1tica de um LEGO, entre outras.<\/p>\n<p>Do ponto de vista estudantil, este dia serviu de elucida\u00e7\u00e3o a todos os alunos, j\u00e1 que permitiu o conhecimento das diferentes oportunidades no mercado de trabalho e no ensino superior, procurando responder \u00e0 quest\u00e3o: \u00abO que fazer agora?\u00bb.<\/p>\n<p>&nbsp;<\/p>\n<p>Clube de Jornalismo BB &#8211; Afonso Br\u00e1s e In\u00eas Pic\u00e3o<\/p>\n<p>&nbsp;<\/p>\n<div class=\"nv-iframe-embed\"><iframe title=\"Feira Orienta\u00e7\u00e3o Escolar 2024\" width=\"1200\" height=\"675\" src=\"https:\/\/www.youtube.com\/embed\/3EVCHtp_vV4?feature=oembed\" frameborder=\"0\" allow=\"accelerometer; autoplay; clipboard-write; encrypted-media; gyroscope; picture-in-picture; web-share\" referrerpolicy=\"strict-origin-when-cross-origin\" allowfullscreen><\/iframe><\/div>\n","protected":false},"excerpt":{"rendered":"<p>No \u00e2mbito da descoberta vocacional dos alunos, realizou-se ter\u00e7a-feira, dia 16 de Abril de 2024, uma \u00abFeira de Orienta\u00e7\u00e3o Escolar\u00bb na Escola B\/S do Baixo Barroso. Esta feira deu oportunidade&hellip;&nbsp;<a href=\"https:\/\/www.aebentodacruz.pt\/biblioteca\/2024\/04\/17\/feira-de-orientacao-escolar\/\" rel=\"bookmark\">Ler mais &raquo;<span class=\"screen-reader-text\">Feira de Orienta\u00e7\u00e3o Escolar<\/span><\/a><\/p>\n","protected":false},"author":2,"featured_media":2923,"comment_status":"open","ping_status":"open","sticky":false,"template":"","format":"standard","meta":{"neve_meta_sidebar":"","neve_meta_container":"","neve_meta_enable_content_width":"off","neve_meta_content_width":70,"neve_meta_title_alignment":"","neve_meta_author_avatar":"","neve_post_elements_order":"","neve_meta_disable_header":"","neve_meta_disable_footer":"","neve_meta_disable_title":"","footnotes":""},"categories":[7],"tags":[],"class_list":["post-2922","post","type-post","status-publish","format-standard","has-post-thumbnail","hentry","category-atividades-e-projetos"],"_links":{"self":[{"href":"https:\/\/www.aebentodacruz.pt\/biblioteca\/wp-json\/wp\/v2\/posts\/2922","targetHints":{"allow":["GET"]}}],"collection":[{"href":"https:\/\/www.aebentodacruz.pt\/biblioteca\/wp-json\/wp\/v2\/posts"}],"about":[{"href":"https:\/\/www.aebentodacruz.pt\/biblioteca\/wp-json\/wp\/v2\/types\/post"}],"author":[{"embeddable":true,"href":"https:\/\/www.aebentodacruz.pt\/biblioteca\/wp-json\/wp\/v2\/users\/2"}],"replies":[{"embeddable":true,"href":"https:\/\/www.aebentodacruz.pt\/biblioteca\/wp-json\/wp\/v2\/comments?post=2922"}],"version-history":[{"count":1,"href":"https:\/\/www.aebentodacruz.pt\/biblioteca\/wp-json\/wp\/v2\/posts\/2922\/revisions"}],"predecessor-version":[{"id":2924,"href":"https:\/\/www.aebentodacruz.pt\/biblioteca\/wp-json\/wp\/v2\/posts\/2922\/revisions\/2924"}],"wp:featuredmedia":[{"embeddable":true,"href":"https:\/\/www.aebentodacruz.pt\/biblioteca\/wp-json\/wp\/v2\/media\/2923"}],"wp:attachment":[{"href":"https:\/\/www.aebentodacruz.pt\/biblioteca\/wp-json\/wp\/v2\/media?parent=2922"}],"wp:term":[{"taxonomy":"category","embeddable":true,"href":"https:\/\/www.aebentodacruz.pt\/biblioteca\/wp-json\/wp\/v2\/categories?post=2922"},{"taxonomy":"post_tag","embeddable":true,"href":"https:\/\/www.aebentodacruz.pt\/biblioteca\/wp-json\/wp\/v2\/tags?post=2922"}],"curies":[{"name":"wp","href":"https:\/\/api.w.org\/{rel}","templated":true}]}}